{"id":23079,"date":"2024-10-28T22:27:00","date_gmt":"2024-10-28T21:27:00","guid":{"rendered":"http:\/\/www.i-vent.com\/hr\/?p=23079"},"modified":"2025-07-02T08:16:49","modified_gmt":"2025-07-02T06:16:49","slug":"slovenija-v-samem-svetovnem-vrhu-po-stevilu-prezracevalnih-sistemov","status":"publish","type":"post","link":"https:\/\/www.i-vent.com\/hr\/svjeze\/slovenija-v-samem-svetovnem-vrhu-po-stevilu-prezracevalnih-sistemov\/","title":{"rendered":"Slovenija u samom svjetskom vrhu po broju ventilacijskih sustava"},"content":{"rendered":"\t\t<div data-elementor-type=\"wp-post\" data-elementor-id=\"23079\" class=\"elementor elementor-23079\" data-elementor-post-type=\"post\">\n\t\t\t\t<div class=\"elementor-element elementor-element-78774666 e-flex e-con-boxed e-con e-parent\" data-id=\"78774666\" data-element_type=\"container\" data-e-type=\"container\">\n\t\t\t\t\t<div class=\"e-con-inner\">\n\t\t\t\t<div class=\"elementor-element elementor-element-5f1a8cf3 elementor-widget elementor-widget-text-editor\" data-id=\"5f1a8cf3\" data-element_type=\"widget\" data-e-type=\"widget\" data-widget_type=\"text-editor.default\">\n\t\t\t\t<div class=\"elementor-widget-container\">\n\t\t\t\t\t\t\t\t\t\r\n<p data-start=\"25\" data-end=\"439\"><strong>U posljednjim godinama podru\u010dje ventilacije dobiva nove dimenzije. Kao \u0161to ka\u017ee Milan Kuster, direktor tvrtke i-Vent, prije pedeset godina nitko nije govorio o ventilaciji jer prozori u to vrijeme nisu bili tako hermeti\u010dni kao danas, pa je ventilacija bila prirodna. Danas je situacija potpuno druga\u010dija. Moderni objekti grade se kvalitetno, gotovo hermeti\u010dki, zbog \u010dega su energetski puno u\u010dinkovitiji nego prije.<\/strong><\/p>\r\n<p data-start=\"441\" data-end=\"942\">Stoga, kada je rije\u010d o novogradnjama, razmi\u0161ljanje o ugradnji ventilacijskog sustava vi\u0161e je nego opravdano. Milan Kuster s veseljem primje\u0107uje da su ljudi koji se upu\u0161taju u gradnju novih objekata ve\u0107 vrlo dobro osvije\u0161teni o potrebi za kvalitetnom ventilacijom. Prema njegovim rije\u010dima, i u tvrtki i-Vent apeliraju na investitore da je najlogi\u010dnije, najjednostavnije i najisplativije ugraditi ventilacijski sustav ve\u0107 tijekom gradnje. U tom je slu\u010daju postupak ugradnje jednostavniji, a i jeftiniji.<\/p>\r\n<p data-start=\"944\" data-end=\"1174\">O planovima tvrtke i-Vent, koja je dosad ventilirala <strong>vi\u0161e od 50.000 objekata<\/strong> i tijekom gotovo 15 godina rada postavila mnoge prekretnice na podru\u010dju ventilacije, Milan Kuster govorio je u intervjuu, do kojeg mo\u017eete do\u0107i <strong><a href=\"https:\/\/siol.net\/trendi\/dom\/gremo-v-nov-dom-prezracevalni-sistemi-v-novogradnjah-646312\">OVDJE<\/a><\/strong>.\u00a0<\/p>\r\n\r\n\r\n\r\n<p>Izvor: <strong><a href=\"http:\/\/siol.net\/\">siol.net<\/a><\/strong><\/p>\r\n\t\t\t\t\t\t\t\t<\/div>\n\t\t\t\t<\/div>\n\t\t\t\t\t<\/div>\n\t\t\t\t<\/div>\n\t\t\t\t<\/div>\n\t\t","protected":false},"excerpt":{"rendered":"<p>U posljednjih nekoliko godina podru\u010dje ventilacije dobiva nove dimenzije. Kako ka\u017ee Milan Kuster, direktor tvrtke i-Vent, prije pedeset godina nitko nije govorio o ventilaciji, jer prozori u to vrijeme nisu tako dobro brtvili kao danas, pa je ventilacija prirodno funkcionirala.<\/p>\n","protected":false},"author":2,"featured_media":23080,"comment_status":"closed","ping_status":"closed","sticky":false,"template":"","format":"standard","meta":{"footnotes":""},"categories":[1],"tags":[],"class_list":["post-23079","post","type-post","status-publish","format-standard","has-post-thumbnail","hentry","category-svjeze"],"yoast_head":"<!-- This site is optimized with the Yoast SEO plugin v27.1.1 - https:\/\/yoast.com\/product\/yoast-seo-wordpress\/ -->\n<title>Slovenija u samom svjetskom vrhu po broju ventilacijskih sustava - i-vent.com Hrvatska<\/title>\n<meta name=\"robots\" content=\"index, follow, max-snippet:-1, max-image-preview:large, max-video-preview:-1\" \/>\n<link rel=\"canonical\" href=\"https:\/\/www.i-vent.com\/hr\/svjeze\/slovenija-v-samem-svetovnem-vrhu-po-stevilu-prezracevalnih-sistemov\/\" \/>\n<meta property=\"og:locale\" content=\"hr_HR\" \/>\n<meta property=\"og:type\" content=\"article\" \/>\n<meta property=\"og:title\" content=\"Slovenija u samom svjetskom vrhu po broju ventilacijskih sustava - i-vent.com Hrvatska\" \/>\n<meta property=\"og:description\" content=\"U posljednjih nekoliko godina podru\u010dje ventilacije dobiva nove dimenzije. Kako ka\u017ee Milan Kuster, direktor tvrtke i-Vent, prije pedeset godina nitko nije govorio o ventilaciji, jer prozori u to vrijeme nisu tako dobro brtvili kao danas, pa je ventilacija prirodno funkcionirala.\" \/>\n<meta property=\"og:url\" content=\"https:\/\/www.i-vent.com\/hr\/svjeze\/slovenija-v-samem-svetovnem-vrhu-po-stevilu-prezracevalnih-sistemov\/\" \/>\n<meta property=\"og:site_name\" content=\"i-vent.com Hrvatska\" \/>\n<meta property=\"article:publisher\" content=\"https:\/\/www.facebook.com\/iVent.slovenija\/\" \/>\n<meta property=\"article:published_time\" content=\"2024-10-28T21:27:00+00:00\" \/>\n<meta property=\"article:modified_time\" content=\"2025-07-02T06:16:49+00:00\" \/>\n<meta property=\"og:image\" content=\"https:\/\/www.i-vent.com\/hr\/wp-content\/uploads\/2025\/01\/i-vent-prezracevalni-sistem.jpg\" \/>\n\t<meta property=\"og:image:width\" content=\"2262\" \/>\n\t<meta property=\"og:image:height\" content=\"1304\" \/>\n\t<meta property=\"og:image:type\" content=\"image\/jpeg\" \/>\n<meta name=\"author\" content=\"\u0160pela\" \/>\n<meta name=\"twitter:card\" content=\"summary_large_image\" \/>\n<meta name=\"twitter:label1\" content=\"Napisao\/la\" \/>\n\t<meta name=\"twitter:data1\" content=\"\u0160pela\" \/>\n\t<meta name=\"twitter:label2\" content=\"Procijenjeno vrijeme \u010ditanja\" \/>\n\t<meta name=\"twitter:data2\" content=\"1 minuta\" \/>\n<script type=\"application\/ld+json\" class=\"yoast-schema-graph\">{\"@context\":\"https:\/\/schema.org\",\"@graph\":[{\"@type\":\"Article\",\"@id\":\"https:\/\/www.i-vent.com\/hr\/svjeze\/slovenija-v-samem-svetovnem-vrhu-po-stevilu-prezracevalnih-sistemov\/#article\",\"isPartOf\":{\"@id\":\"https:\/\/www.i-vent.com\/hr\/svjeze\/slovenija-v-samem-svetovnem-vrhu-po-stevilu-prezracevalnih-sistemov\/\"},\"author\":{\"name\":\"\u0160pela\",\"@id\":\"https:\/\/www.i-vent.com\/hr\/#\/schema\/person\/67bf2a2b2f68c947ac000d62052d075f\"},\"headline\":\"Slovenija u samom svjetskom vrhu po broju ventilacijskih sustava\",\"datePublished\":\"2024-10-28T21:27:00+00:00\",\"dateModified\":\"2025-07-02T06:16:49+00:00\",\"mainEntityOfPage\":{\"@id\":\"https:\/\/www.i-vent.com\/hr\/svjeze\/slovenija-v-samem-svetovnem-vrhu-po-stevilu-prezracevalnih-sistemov\/\"},\"wordCount\":194,\"publisher\":{\"@id\":\"https:\/\/www.i-vent.com\/hr\/#organization\"},\"image\":{\"@id\":\"https:\/\/www.i-vent.com\/hr\/svjeze\/slovenija-v-samem-svetovnem-vrhu-po-stevilu-prezracevalnih-sistemov\/#primaryimage\"},\"thumbnailUrl\":\"https:\/\/www.i-vent.com\/hr\/wp-content\/uploads\/2025\/01\/i-vent-prezracevalni-sistem.jpg\",\"articleSection\":[\"Svje\u017ee\"],\"inLanguage\":\"hr\"},{\"@type\":\"WebPage\",\"@id\":\"https:\/\/www.i-vent.com\/hr\/svjeze\/slovenija-v-samem-svetovnem-vrhu-po-stevilu-prezracevalnih-sistemov\/\",\"url\":\"https:\/\/www.i-vent.com\/hr\/svjeze\/slovenija-v-samem-svetovnem-vrhu-po-stevilu-prezracevalnih-sistemov\/\",\"name\":\"Slovenija u samom svjetskom vrhu po broju ventilacijskih sustava - i-vent.com Hrvatska\",\"isPartOf\":{\"@id\":\"https:\/\/www.i-vent.com\/hr\/#website\"},\"primaryImageOfPage\":{\"@id\":\"https:\/\/www.i-vent.com\/hr\/svjeze\/slovenija-v-samem-svetovnem-vrhu-po-stevilu-prezracevalnih-sistemov\/#primaryimage\"},\"image\":{\"@id\":\"https:\/\/www.i-vent.com\/hr\/svjeze\/slovenija-v-samem-svetovnem-vrhu-po-stevilu-prezracevalnih-sistemov\/#primaryimage\"},\"thumbnailUrl\":\"https:\/\/www.i-vent.com\/hr\/wp-content\/uploads\/2025\/01\/i-vent-prezracevalni-sistem.jpg\",\"datePublished\":\"2024-10-28T21:27:00+00:00\",\"dateModified\":\"2025-07-02T06:16:49+00:00\",\"breadcrumb\":{\"@id\":\"https:\/\/www.i-vent.com\/hr\/svjeze\/slovenija-v-samem-svetovnem-vrhu-po-stevilu-prezracevalnih-sistemov\/#breadcrumb\"},\"inLanguage\":\"hr\",\"potentialAction\":[{\"@type\":\"ReadAction\",\"target\":[\"https:\/\/www.i-vent.com\/hr\/svjeze\/slovenija-v-samem-svetovnem-vrhu-po-stevilu-prezracevalnih-sistemov\/\"]}]},{\"@type\":\"ImageObject\",\"inLanguage\":\"hr\",\"@id\":\"https:\/\/www.i-vent.com\/hr\/svjeze\/slovenija-v-samem-svetovnem-vrhu-po-stevilu-prezracevalnih-sistemov\/#primaryimage\",\"url\":\"https:\/\/www.i-vent.com\/hr\/wp-content\/uploads\/2025\/01\/i-vent-prezracevalni-sistem.jpg\",\"contentUrl\":\"https:\/\/www.i-vent.com\/hr\/wp-content\/uploads\/2025\/01\/i-vent-prezracevalni-sistem.jpg\",\"width\":2262,\"height\":1304,\"caption\":\"i-Vent prezra\u0107evalni sistem\"},{\"@type\":\"BreadcrumbList\",\"@id\":\"https:\/\/www.i-vent.com\/hr\/svjeze\/slovenija-v-samem-svetovnem-vrhu-po-stevilu-prezracevalnih-sistemov\/#breadcrumb\",\"itemListElement\":[{\"@type\":\"ListItem\",\"position\":1,\"name\":\"Domov\",\"item\":\"https:\/\/www.i-vent.com\/hr\/\"},{\"@type\":\"ListItem\",\"position\":2,\"name\":\"Slovenija u samom svjetskom vrhu po broju ventilacijskih sustava\"}]},{\"@type\":\"WebSite\",\"@id\":\"https:\/\/www.i-vent.com\/hr\/#website\",\"url\":\"https:\/\/www.i-vent.com\/hr\/\",\"name\":\"i-Vent\",\"description\":\"Smart ventialtion\",\"publisher\":{\"@id\":\"https:\/\/www.i-vent.com\/hr\/#organization\"},\"alternateName\":\"i-Vent\",\"potentialAction\":[{\"@type\":\"SearchAction\",\"target\":{\"@type\":\"EntryPoint\",\"urlTemplate\":\"https:\/\/www.i-vent.com\/hr\/?s={search_term_string}\"},\"query-input\":{\"@type\":\"PropertyValueSpecification\",\"valueRequired\":true,\"valueName\":\"search_term_string\"}}],\"inLanguage\":\"hr\"},{\"@type\":\"Organization\",\"@id\":\"https:\/\/www.i-vent.com\/hr\/#organization\",\"name\":\"i-Vent\",\"alternateName\":\"i-Vent d.o.o.\",\"url\":\"https:\/\/www.i-vent.com\/hr\/\",\"logo\":{\"@type\":\"ImageObject\",\"inLanguage\":\"hr\",\"@id\":\"https:\/\/www.i-vent.com\/hr\/#\/schema\/logo\/image\/\",\"url\":\"http:\/\/www.i-vent.com\/hr\/wp-content\/uploads\/2025\/03\/i-Vent_696x696.jpg\",\"contentUrl\":\"http:\/\/www.i-vent.com\/hr\/wp-content\/uploads\/2025\/03\/i-Vent_696x696.jpg\",\"width\":696,\"height\":696,\"caption\":\"i-Vent\"},\"image\":{\"@id\":\"https:\/\/www.i-vent.com\/hr\/#\/schema\/logo\/image\/\"},\"sameAs\":[\"https:\/\/www.facebook.com\/iVent.slovenija\/\"]},{\"@type\":\"Person\",\"@id\":\"https:\/\/www.i-vent.com\/hr\/#\/schema\/person\/67bf2a2b2f68c947ac000d62052d075f\",\"name\":\"\u0160pela\",\"image\":{\"@type\":\"ImageObject\",\"inLanguage\":\"hr\",\"@id\":\"https:\/\/www.i-vent.com\/hr\/#\/schema\/person\/image\/\",\"url\":\"https:\/\/www.i-vent.com\/hr\/wp-content\/litespeed\/avatar\/a75cd71c97d80944a02928bfead600e5.jpg?ver=1777210753\",\"contentUrl\":\"https:\/\/www.i-vent.com\/hr\/wp-content\/litespeed\/avatar\/a75cd71c97d80944a02928bfead600e5.jpg?ver=1777210753\",\"caption\":\"\u0160pela\"},\"url\":\"https:\/\/www.i-vent.com\/hr\/author\/spela-golobnaveza-com\/\"}]}<\/script>\n<!-- \/ Yoast SEO plugin. -->","yoast_head_json":{"title":"Slovenija u samom svjetskom vrhu po broju ventilacijskih sustava - i-vent.com Hrvatska","robots":{"index":"index","follow":"follow","max-snippet":"max-snippet:-1","max-image-preview":"max-image-preview:large","max-video-preview":"max-video-preview:-1"},"canonical":"https:\/\/www.i-vent.com\/hr\/svjeze\/slovenija-v-samem-svetovnem-vrhu-po-stevilu-prezracevalnih-sistemov\/","og_locale":"hr_HR","og_type":"article","og_title":"Slovenija u samom svjetskom vrhu po broju ventilacijskih sustava - i-vent.com Hrvatska","og_description":"U posljednjih nekoliko godina podru\u010dje ventilacije dobiva nove dimenzije. Kako ka\u017ee Milan Kuster, direktor tvrtke i-Vent, prije pedeset godina nitko nije govorio o ventilaciji, jer prozori u to vrijeme nisu tako dobro brtvili kao danas, pa je ventilacija prirodno funkcionirala.","og_url":"https:\/\/www.i-vent.com\/hr\/svjeze\/slovenija-v-samem-svetovnem-vrhu-po-stevilu-prezracevalnih-sistemov\/","og_site_name":"i-vent.com Hrvatska","article_publisher":"https:\/\/www.facebook.com\/iVent.slovenija\/","article_published_time":"2024-10-28T21:27:00+00:00","article_modified_time":"2025-07-02T06:16:49+00:00","og_image":[{"width":2262,"height":1304,"url":"https:\/\/www.i-vent.com\/hr\/wp-content\/uploads\/2025\/01\/i-vent-prezracevalni-sistem.jpg","type":"image\/jpeg"}],"author":"\u0160pela","twitter_card":"summary_large_image","twitter_misc":{"Napisao\/la":"\u0160pela","Procijenjeno vrijeme \u010ditanja":"1 minuta"},"schema":{"@context":"https:\/\/schema.org","@graph":[{"@type":"Article","@id":"https:\/\/www.i-vent.com\/hr\/svjeze\/slovenija-v-samem-svetovnem-vrhu-po-stevilu-prezracevalnih-sistemov\/#article","isPartOf":{"@id":"https:\/\/www.i-vent.com\/hr\/svjeze\/slovenija-v-samem-svetovnem-vrhu-po-stevilu-prezracevalnih-sistemov\/"},"author":{"name":"\u0160pela","@id":"https:\/\/www.i-vent.com\/hr\/#\/schema\/person\/67bf2a2b2f68c947ac000d62052d075f"},"headline":"Slovenija u samom svjetskom vrhu po broju ventilacijskih sustava","datePublished":"2024-10-28T21:27:00+00:00","dateModified":"2025-07-02T06:16:49+00:00","mainEntityOfPage":{"@id":"https:\/\/www.i-vent.com\/hr\/svjeze\/slovenija-v-samem-svetovnem-vrhu-po-stevilu-prezracevalnih-sistemov\/"},"wordCount":194,"publisher":{"@id":"https:\/\/www.i-vent.com\/hr\/#organization"},"image":{"@id":"https:\/\/www.i-vent.com\/hr\/svjeze\/slovenija-v-samem-svetovnem-vrhu-po-stevilu-prezracevalnih-sistemov\/#primaryimage"},"thumbnailUrl":"https:\/\/www.i-vent.com\/hr\/wp-content\/uploads\/2025\/01\/i-vent-prezracevalni-sistem.jpg","articleSection":["Svje\u017ee"],"inLanguage":"hr"},{"@type":"WebPage","@id":"https:\/\/www.i-vent.com\/hr\/svjeze\/slovenija-v-samem-svetovnem-vrhu-po-stevilu-prezracevalnih-sistemov\/","url":"https:\/\/www.i-vent.com\/hr\/svjeze\/slovenija-v-samem-svetovnem-vrhu-po-stevilu-prezracevalnih-sistemov\/","name":"Slovenija u samom svjetskom vrhu po broju ventilacijskih sustava - i-vent.com Hrvatska","isPartOf":{"@id":"https:\/\/www.i-vent.com\/hr\/#website"},"primaryImageOfPage":{"@id":"https:\/\/www.i-vent.com\/hr\/svjeze\/slovenija-v-samem-svetovnem-vrhu-po-stevilu-prezracevalnih-sistemov\/#primaryimage"},"image":{"@id":"https:\/\/www.i-vent.com\/hr\/svjeze\/slovenija-v-samem-svetovnem-vrhu-po-stevilu-prezracevalnih-sistemov\/#primaryimage"},"thumbnailUrl":"https:\/\/www.i-vent.com\/hr\/wp-content\/uploads\/2025\/01\/i-vent-prezracevalni-sistem.jpg","datePublished":"2024-10-28T21:27:00+00:00","dateModified":"2025-07-02T06:16:49+00:00","breadcrumb":{"@id":"https:\/\/www.i-vent.com\/hr\/svjeze\/slovenija-v-samem-svetovnem-vrhu-po-stevilu-prezracevalnih-sistemov\/#breadcrumb"},"inLanguage":"hr","potentialAction":[{"@type":"ReadAction","target":["https:\/\/www.i-vent.com\/hr\/svjeze\/slovenija-v-samem-svetovnem-vrhu-po-stevilu-prezracevalnih-sistemov\/"]}]},{"@type":"ImageObject","inLanguage":"hr","@id":"https:\/\/www.i-vent.com\/hr\/svjeze\/slovenija-v-samem-svetovnem-vrhu-po-stevilu-prezracevalnih-sistemov\/#primaryimage","url":"https:\/\/www.i-vent.com\/hr\/wp-content\/uploads\/2025\/01\/i-vent-prezracevalni-sistem.jpg","contentUrl":"https:\/\/www.i-vent.com\/hr\/wp-content\/uploads\/2025\/01\/i-vent-prezracevalni-sistem.jpg","width":2262,"height":1304,"caption":"i-Vent prezra\u0107evalni sistem"},{"@type":"BreadcrumbList","@id":"https:\/\/www.i-vent.com\/hr\/svjeze\/slovenija-v-samem-svetovnem-vrhu-po-stevilu-prezracevalnih-sistemov\/#breadcrumb","itemListElement":[{"@type":"ListItem","position":1,"name":"Domov","item":"https:\/\/www.i-vent.com\/hr\/"},{"@type":"ListItem","position":2,"name":"Slovenija u samom svjetskom vrhu po broju ventilacijskih sustava"}]},{"@type":"WebSite","@id":"https:\/\/www.i-vent.com\/hr\/#website","url":"https:\/\/www.i-vent.com\/hr\/","name":"i-Vent","description":"Smart ventialtion","publisher":{"@id":"https:\/\/www.i-vent.com\/hr\/#organization"},"alternateName":"i-Vent","potentialAction":[{"@type":"SearchAction","target":{"@type":"EntryPoint","urlTemplate":"https:\/\/www.i-vent.com\/hr\/?s={search_term_string}"},"query-input":{"@type":"PropertyValueSpecification","valueRequired":true,"valueName":"search_term_string"}}],"inLanguage":"hr"},{"@type":"Organization","@id":"https:\/\/www.i-vent.com\/hr\/#organization","name":"i-Vent","alternateName":"i-Vent d.o.o.","url":"https:\/\/www.i-vent.com\/hr\/","logo":{"@type":"ImageObject","inLanguage":"hr","@id":"https:\/\/www.i-vent.com\/hr\/#\/schema\/logo\/image\/","url":"http:\/\/www.i-vent.com\/hr\/wp-content\/uploads\/2025\/03\/i-Vent_696x696.jpg","contentUrl":"http:\/\/www.i-vent.com\/hr\/wp-content\/uploads\/2025\/03\/i-Vent_696x696.jpg","width":696,"height":696,"caption":"i-Vent"},"image":{"@id":"https:\/\/www.i-vent.com\/hr\/#\/schema\/logo\/image\/"},"sameAs":["https:\/\/www.facebook.com\/iVent.slovenija\/"]},{"@type":"Person","@id":"https:\/\/www.i-vent.com\/hr\/#\/schema\/person\/67bf2a2b2f68c947ac000d62052d075f","name":"\u0160pela","image":{"@type":"ImageObject","inLanguage":"hr","@id":"https:\/\/www.i-vent.com\/hr\/#\/schema\/person\/image\/","url":"https:\/\/www.i-vent.com\/hr\/wp-content\/litespeed\/avatar\/a75cd71c97d80944a02928bfead600e5.jpg?ver=1777210753","contentUrl":"https:\/\/www.i-vent.com\/hr\/wp-content\/litespeed\/avatar\/a75cd71c97d80944a02928bfead600e5.jpg?ver=1777210753","caption":"\u0160pela"},"url":"https:\/\/www.i-vent.com\/hr\/author\/spela-golobnaveza-com\/"}]}},"_links":{"self":[{"href":"https:\/\/www.i-vent.com\/hr\/wp-json\/wp\/v2\/posts\/23079","targetHints":{"allow":["GET"]}}],"collection":[{"href":"https:\/\/www.i-vent.com\/hr\/wp-json\/wp\/v2\/posts"}],"about":[{"href":"https:\/\/www.i-vent.com\/hr\/wp-json\/wp\/v2\/types\/post"}],"author":[{"embeddable":true,"href":"https:\/\/www.i-vent.com\/hr\/wp-json\/wp\/v2\/users\/2"}],"replies":[{"embeddable":true,"href":"https:\/\/www.i-vent.com\/hr\/wp-json\/wp\/v2\/comments?post=23079"}],"version-history":[{"count":5,"href":"https:\/\/www.i-vent.com\/hr\/wp-json\/wp\/v2\/posts\/23079\/revisions"}],"predecessor-version":[{"id":28362,"href":"https:\/\/www.i-vent.com\/hr\/wp-json\/wp\/v2\/posts\/23079\/revisions\/28362"}],"wp:featuredmedia":[{"embeddable":true,"href":"https:\/\/www.i-vent.com\/hr\/wp-json\/wp\/v2\/media\/23080"}],"wp:attachment":[{"href":"https:\/\/www.i-vent.com\/hr\/wp-json\/wp\/v2\/media?parent=23079"}],"wp:term":[{"taxonomy":"category","embeddable":true,"href":"https:\/\/www.i-vent.com\/hr\/wp-json\/wp\/v2\/categories?post=23079"},{"taxonomy":"post_tag","embeddable":true,"href":"https:\/\/www.i-vent.com\/hr\/wp-json\/wp\/v2\/tags?post=23079"}],"curies":[{"name":"wp","href":"https:\/\/api.w.org\/{rel}","templated":true}]}}