{"id":23085,"date":"2024-12-19T22:30:00","date_gmt":"2024-12-19T21:30:00","guid":{"rendered":"http:\/\/www.i-vent.com\/hr\/?p=23085"},"modified":"2025-07-02T08:11:22","modified_gmt":"2025-07-02T06:11:22","slug":"zima-ni-ovira-za-svez-zrak-pametno-prezracevanje-za-zdravo-bivanje","status":"publish","type":"post","link":"https:\/\/www.i-vent.com\/hr\/svjeze\/zima-ni-ovira-za-svez-zrak-pametno-prezracevanje-za-zdravo-bivanje\/","title":{"rendered":"Zima nije prepreka za svje\u017e zrak: Pametno ventiliranje za zdrav \u017eivot."},"content":{"rendered":"\t\t<div data-elementor-type=\"wp-post\" data-elementor-id=\"23085\" class=\"elementor elementor-23085\" data-elementor-post-type=\"post\">\n\t\t\t\t<div class=\"elementor-element elementor-element-4f6f1963 e-flex e-con-boxed e-con e-parent\" data-id=\"4f6f1963\" data-element_type=\"container\" data-e-type=\"container\">\n\t\t\t\t\t<div class=\"e-con-inner\">\n\t\t\t\t<div class=\"elementor-element elementor-element-6d5bbd77 elementor-widget elementor-widget-text-editor\" data-id=\"6d5bbd77\" data-element_type=\"widget\" data-e-type=\"widget\" data-widget_type=\"text-editor.default\">\n\t\t\t\t<div class=\"elementor-widget-container\">\n\t\t\t\t\t\t\t\t\t\n<p><strong>Prema podacima Europske komisije, Europljani bi trebali provesti \u010dak 90% svog vremena u zatvorenim prostorima, a jedno od njihovih posljednjih istra\u017eivanja pokazalo je da mo\u017ee biti kvaliteta zraka u zatvorenim prostorima ponekad i do dvostruko lo\u0161ija od vanjskog zraka. To je posebno istinito tijekom zimskih mjeseci kada ne provjetravamo svoje domove toliko \u010desto kao ina\u010de, jer pu\u0161tamo hladno\u0107u unutra i time uzrokujemo velike gubitke topline.<\/strong><\/p>\n<h3><strong>Lo\u0161a kvaliteta zraka zna\u010di lo\u0161e osje\u0107anje<\/strong><\/h3>\n<p>Kada je zrak u na\u0161im domovima lo\u0161, to ne utje\u010de samo na na\u0161e zdravlje, ve\u0107 i na na\u0161e op\u0107e blagostanje. Simptomi kao \u0161to su glavobolje, umor, nedostatak energije, problemi sa spavanjem i op\u0107enito lo\u0161e osje\u0107anje \u010desto se povezuju s nedovoljno ventiliranim prostorima. To zna\u010di da je na\u0161a kvaliteta \u017eivota izravno ovisna o kvaliteti zraka koji di\u0161emo.<\/p>\n<p>Ako je zraku u na\u0161em domu dodana i visoka razina vlage, rizici su jo\u0161 ve\u0107i. Vla\u017enost nije opasna samo za na\u0161 dom, ve\u0107 utje\u010de i na na\u0161e zdravlje \u2013 mo\u017ee uzrokovati alergije, kroni\u010dni ka\u0161alj, probleme s disanjem, glavobolje, kao i osje\u0107aj stezanja u prsima. Visoka razina vlage pru\u017ea idealne uvjete za rast bakterija, virusa i alergena, \u0161to mo\u017ee dovesti do ozbiljnijih zdravstvenih problema poput astme. Stoga ne bismo trebali shva\u0107ati ove probleme olako, ve\u0107 bismo trebali \u0161to prije djelovati kako bismo osigurali kvalitetan zrak u svom domu.<\/p>\n<h3><strong>Kako osigurati svje\u017e zrak bez visokih gubitaka energije?<\/strong><\/h3>\n<p>Iako su temperature ni\u017ee, i dalje je vrlo va\u017eno da svoje stanovanje \u0161to \u010de\u0161\u0107e temeljito provjetravamo. No, je li mogu\u0107e neprekidno dovoditi \u010dist i svje\u017e zrak u unutra\u0161nje prostore, a da pri tome ne uzrokujemo velike gubitke energije?<\/p>\n<p>Naravno! Ugradnjom pametnog sustava ventilacije osigurat \u0107emo svom domu svje\u017e i \u010dist zrak tijekom cijele godine. Sustav ventilacije \u0107e automatski uklanjati iskori\u0161teni zrak, zajedno sa svim neugodnim mirisima, vi\u0161kom vlage i drugim \u0161tetnim tvarima. Osim toga, uklanjanjem vi\u0161ka vlage osigurat \u0107e i odgovaraju\u0107e zdravo stanje zgrade i klime, te sprije\u010diti nastanak plijesni i povoljnih uvjeta za grinje, kao i propuh i ulazak vanjske buke i pra\u0161ine.<\/p>\n<p>I \u0161to je najbolje \u2013 pametni sustav ventilacije i-Vent prikladan je za ugradnju i u nove zgrade i u starije objekte.<\/p>\n<h2>Najljep\u0161i poklon va\u0161em domu<\/h2>\n<p>Tako\u0111er, u tvrtki i-Vent \u017eelimo da \u0161to vi\u0161e domova za\u017eivi u zdravim uvjetima stanovanja i tijekom cijele godine di\u0161e \u010dist i svje\u017e zrak. Stoga je sada pravo vrijeme da i vi ostvarite \u017eelju za boljim i zdravijim uvjetima stanovanja te se pridru\u017eite vi\u0161e od 150.000 Slovencev i Slovenki koji ve\u0107 di\u0161u (naj)bolji zrak.<\/p>\n<p>Svje\u017eina nikada nije bila tako dostupna kao ovog prosinca, jer smo za vas pripremili posebnu akciju u kojoj vam je pametni sustav ventilacije i-Vent dostupan do \u010dak <strong>70% jeftinije*.<\/strong><\/p>\n<p><em>*40% popusta na i-Vent + 30% popusta Eko fond. 40% popusta vrijedi za pametnu ventilacijsku jedinicu i-Vent. Na sve ostale ventilacijske jedinice u na\u0161oj ponudi nudimo 20% popusta.<\/em><\/p>\n<p><strong>Akcija vrijedi od 1. do 31. 12. 2024.<\/strong><\/p>\n\t\t\t\t\t\t\t\t<\/div>\n\t\t\t\t<\/div>\n\t\t\t\t\t<\/div>\n\t\t\t\t<\/div>\n\t\t\t\t<\/div>\n\t\t","protected":false},"excerpt":{"rendered":"<p>Prema podacima Europske komisije, Europljani provode \u010dak 90 % svog vremena u zatvorenim prostorima, a jedno od njihovih najnovijih istra\u017eivanja pokazalo je da kvaliteta zraka u zatvorenim prostorima mo\u017ee biti i do dva puta lo\u0161ija od one na otvorenom.<\/p>\n","protected":false},"author":2,"featured_media":23086,"comment_status":"closed","ping_status":"closed","sticky":false,"template":"","format":"standard","meta":{"footnotes":""},"categories":[1],"tags":[],"class_list":["post-23085","post","type-post","status-publish","format-standard","has-post-thumbnail","hentry","category-svjeze"],"yoast_head":"<!-- This site is optimized with the Yoast SEO plugin v27.1.1 - https:\/\/yoast.com\/product\/yoast-seo-wordpress\/ -->\n<title>Zima nije prepreka za svje\u017e zrak: Pametno ventiliranje za zdrav \u017eivot. - i-vent.com Hrvatska<\/title>\n<meta name=\"robots\" content=\"index, follow, max-snippet:-1, max-image-preview:large, max-video-preview:-1\" \/>\n<link rel=\"canonical\" href=\"https:\/\/www.i-vent.com\/hr\/svjeze\/zima-ni-ovira-za-svez-zrak-pametno-prezracevanje-za-zdravo-bivanje\/\" \/>\n<meta property=\"og:locale\" content=\"hr_HR\" \/>\n<meta property=\"og:type\" content=\"article\" \/>\n<meta property=\"og:title\" content=\"Zima nije prepreka za svje\u017e zrak: Pametno ventiliranje za zdrav \u017eivot. - i-vent.com Hrvatska\" \/>\n<meta property=\"og:description\" content=\"Prema podacima Europske komisije, Europljani provode \u010dak 90 % svog vremena u zatvorenim prostorima, a jedno od njihovih najnovijih istra\u017eivanja pokazalo je da kvaliteta zraka u zatvorenim prostorima mo\u017ee biti i do dva puta lo\u0161ija od one na otvorenom.\" \/>\n<meta property=\"og:url\" content=\"https:\/\/www.i-vent.com\/hr\/svjeze\/zima-ni-ovira-za-svez-zrak-pametno-prezracevanje-za-zdravo-bivanje\/\" \/>\n<meta property=\"og:site_name\" content=\"i-vent.com Hrvatska\" \/>\n<meta property=\"article:publisher\" content=\"https:\/\/www.facebook.com\/iVent.slovenija\/\" \/>\n<meta property=\"article:published_time\" content=\"2024-12-19T21:30:00+00:00\" \/>\n<meta property=\"article:modified_time\" content=\"2025-07-02T06:11:22+00:00\" \/>\n<meta property=\"og:image\" content=\"https:\/\/www.i-vent.com\/hr\/wp-content\/uploads\/2025\/01\/najlepse-darilo-vasemu-domu-1176x680px-1.jpg\" \/>\n\t<meta property=\"og:image:width\" content=\"1176\" \/>\n\t<meta property=\"og:image:height\" content=\"680\" \/>\n\t<meta property=\"og:image:type\" content=\"image\/jpeg\" \/>\n<meta name=\"author\" content=\"\u0160pela\" \/>\n<meta name=\"twitter:card\" content=\"summary_large_image\" \/>\n<meta name=\"twitter:label1\" content=\"Napisao\/la\" \/>\n\t<meta name=\"twitter:data1\" content=\"\u0160pela\" \/>\n\t<meta name=\"twitter:label2\" content=\"Procijenjeno vrijeme \u010ditanja\" \/>\n\t<meta name=\"twitter:data2\" content=\"3 minute\" \/>\n<script type=\"application\/ld+json\" class=\"yoast-schema-graph\">{\"@context\":\"https:\/\/schema.org\",\"@graph\":[{\"@type\":\"Article\",\"@id\":\"https:\/\/www.i-vent.com\/hr\/svjeze\/zima-ni-ovira-za-svez-zrak-pametno-prezracevanje-za-zdravo-bivanje\/#article\",\"isPartOf\":{\"@id\":\"https:\/\/www.i-vent.com\/hr\/svjeze\/zima-ni-ovira-za-svez-zrak-pametno-prezracevanje-za-zdravo-bivanje\/\"},\"author\":{\"name\":\"\u0160pela\",\"@id\":\"https:\/\/www.i-vent.com\/hr\/#\/schema\/person\/67bf2a2b2f68c947ac000d62052d075f\"},\"headline\":\"Zima nije prepreka za svje\u017e zrak: Pametno ventiliranje za zdrav \u017eivot.\",\"datePublished\":\"2024-12-19T21:30:00+00:00\",\"dateModified\":\"2025-07-02T06:11:22+00:00\",\"mainEntityOfPage\":{\"@id\":\"https:\/\/www.i-vent.com\/hr\/svjeze\/zima-ni-ovira-za-svez-zrak-pametno-prezracevanje-za-zdravo-bivanje\/\"},\"wordCount\":522,\"publisher\":{\"@id\":\"https:\/\/www.i-vent.com\/hr\/#organization\"},\"image\":{\"@id\":\"https:\/\/www.i-vent.com\/hr\/svjeze\/zima-ni-ovira-za-svez-zrak-pametno-prezracevanje-za-zdravo-bivanje\/#primaryimage\"},\"thumbnailUrl\":\"https:\/\/www.i-vent.com\/hr\/wp-content\/uploads\/2025\/01\/najlepse-darilo-vasemu-domu-1176x680px-1.jpg\",\"articleSection\":[\"Svje\u017ee\"],\"inLanguage\":\"hr\"},{\"@type\":\"WebPage\",\"@id\":\"https:\/\/www.i-vent.com\/hr\/svjeze\/zima-ni-ovira-za-svez-zrak-pametno-prezracevanje-za-zdravo-bivanje\/\",\"url\":\"https:\/\/www.i-vent.com\/hr\/svjeze\/zima-ni-ovira-za-svez-zrak-pametno-prezracevanje-za-zdravo-bivanje\/\",\"name\":\"Zima nije prepreka za svje\u017e zrak: Pametno ventiliranje za zdrav \u017eivot. - i-vent.com Hrvatska\",\"isPartOf\":{\"@id\":\"https:\/\/www.i-vent.com\/hr\/#website\"},\"primaryImageOfPage\":{\"@id\":\"https:\/\/www.i-vent.com\/hr\/svjeze\/zima-ni-ovira-za-svez-zrak-pametno-prezracevanje-za-zdravo-bivanje\/#primaryimage\"},\"image\":{\"@id\":\"https:\/\/www.i-vent.com\/hr\/svjeze\/zima-ni-ovira-za-svez-zrak-pametno-prezracevanje-za-zdravo-bivanje\/#primaryimage\"},\"thumbnailUrl\":\"https:\/\/www.i-vent.com\/hr\/wp-content\/uploads\/2025\/01\/najlepse-darilo-vasemu-domu-1176x680px-1.jpg\",\"datePublished\":\"2024-12-19T21:30:00+00:00\",\"dateModified\":\"2025-07-02T06:11:22+00:00\",\"breadcrumb\":{\"@id\":\"https:\/\/www.i-vent.com\/hr\/svjeze\/zima-ni-ovira-za-svez-zrak-pametno-prezracevanje-za-zdravo-bivanje\/#breadcrumb\"},\"inLanguage\":\"hr\",\"potentialAction\":[{\"@type\":\"ReadAction\",\"target\":[\"https:\/\/www.i-vent.com\/hr\/svjeze\/zima-ni-ovira-za-svez-zrak-pametno-prezracevanje-za-zdravo-bivanje\/\"]}]},{\"@type\":\"ImageObject\",\"inLanguage\":\"hr\",\"@id\":\"https:\/\/www.i-vent.com\/hr\/svjeze\/zima-ni-ovira-za-svez-zrak-pametno-prezracevanje-za-zdravo-bivanje\/#primaryimage\",\"url\":\"https:\/\/www.i-vent.com\/hr\/wp-content\/uploads\/2025\/01\/najlepse-darilo-vasemu-domu-1176x680px-1.jpg\",\"contentUrl\":\"https:\/\/www.i-vent.com\/hr\/wp-content\/uploads\/2025\/01\/najlepse-darilo-vasemu-domu-1176x680px-1.jpg\",\"width\":1176,\"height\":680},{\"@type\":\"BreadcrumbList\",\"@id\":\"https:\/\/www.i-vent.com\/hr\/svjeze\/zima-ni-ovira-za-svez-zrak-pametno-prezracevanje-za-zdravo-bivanje\/#breadcrumb\",\"itemListElement\":[{\"@type\":\"ListItem\",\"position\":1,\"name\":\"Domov\",\"item\":\"https:\/\/www.i-vent.com\/hr\/\"},{\"@type\":\"ListItem\",\"position\":2,\"name\":\"Zima nije prepreka za svje\u017e zrak: Pametno ventiliranje za zdrav \u017eivot.\"}]},{\"@type\":\"WebSite\",\"@id\":\"https:\/\/www.i-vent.com\/hr\/#website\",\"url\":\"https:\/\/www.i-vent.com\/hr\/\",\"name\":\"i-Vent\",\"description\":\"Smart ventialtion\",\"publisher\":{\"@id\":\"https:\/\/www.i-vent.com\/hr\/#organization\"},\"alternateName\":\"i-Vent\",\"potentialAction\":[{\"@type\":\"SearchAction\",\"target\":{\"@type\":\"EntryPoint\",\"urlTemplate\":\"https:\/\/www.i-vent.com\/hr\/?s={search_term_string}\"},\"query-input\":{\"@type\":\"PropertyValueSpecification\",\"valueRequired\":true,\"valueName\":\"search_term_string\"}}],\"inLanguage\":\"hr\"},{\"@type\":\"Organization\",\"@id\":\"https:\/\/www.i-vent.com\/hr\/#organization\",\"name\":\"i-Vent\",\"alternateName\":\"i-Vent d.o.o.\",\"url\":\"https:\/\/www.i-vent.com\/hr\/\",\"logo\":{\"@type\":\"ImageObject\",\"inLanguage\":\"hr\",\"@id\":\"https:\/\/www.i-vent.com\/hr\/#\/schema\/logo\/image\/\",\"url\":\"http:\/\/www.i-vent.com\/hr\/wp-content\/uploads\/2025\/03\/i-Vent_696x696.jpg\",\"contentUrl\":\"http:\/\/www.i-vent.com\/hr\/wp-content\/uploads\/2025\/03\/i-Vent_696x696.jpg\",\"width\":696,\"height\":696,\"caption\":\"i-Vent\"},\"image\":{\"@id\":\"https:\/\/www.i-vent.com\/hr\/#\/schema\/logo\/image\/\"},\"sameAs\":[\"https:\/\/www.facebook.com\/iVent.slovenija\/\"]},{\"@type\":\"Person\",\"@id\":\"https:\/\/www.i-vent.com\/hr\/#\/schema\/person\/67bf2a2b2f68c947ac000d62052d075f\",\"name\":\"\u0160pela\",\"image\":{\"@type\":\"ImageObject\",\"inLanguage\":\"hr\",\"@id\":\"https:\/\/www.i-vent.com\/hr\/#\/schema\/person\/image\/\",\"url\":\"https:\/\/www.i-vent.com\/hr\/wp-content\/litespeed\/avatar\/a75cd71c97d80944a02928bfead600e5.jpg?ver=1777210753\",\"contentUrl\":\"https:\/\/www.i-vent.com\/hr\/wp-content\/litespeed\/avatar\/a75cd71c97d80944a02928bfead600e5.jpg?ver=1777210753\",\"caption\":\"\u0160pela\"},\"url\":\"https:\/\/www.i-vent.com\/hr\/author\/spela-golobnaveza-com\/\"}]}<\/script>\n<!-- \/ Yoast SEO plugin. -->","yoast_head_json":{"title":"Zima nije prepreka za svje\u017e zrak: Pametno ventiliranje za zdrav \u017eivot. - i-vent.com Hrvatska","robots":{"index":"index","follow":"follow","max-snippet":"max-snippet:-1","max-image-preview":"max-image-preview:large","max-video-preview":"max-video-preview:-1"},"canonical":"https:\/\/www.i-vent.com\/hr\/svjeze\/zima-ni-ovira-za-svez-zrak-pametno-prezracevanje-za-zdravo-bivanje\/","og_locale":"hr_HR","og_type":"article","og_title":"Zima nije prepreka za svje\u017e zrak: Pametno ventiliranje za zdrav \u017eivot. - i-vent.com Hrvatska","og_description":"Prema podacima Europske komisije, Europljani provode \u010dak 90 % svog vremena u zatvorenim prostorima, a jedno od njihovih najnovijih istra\u017eivanja pokazalo je da kvaliteta zraka u zatvorenim prostorima mo\u017ee biti i do dva puta lo\u0161ija od one na otvorenom.","og_url":"https:\/\/www.i-vent.com\/hr\/svjeze\/zima-ni-ovira-za-svez-zrak-pametno-prezracevanje-za-zdravo-bivanje\/","og_site_name":"i-vent.com Hrvatska","article_publisher":"https:\/\/www.facebook.com\/iVent.slovenija\/","article_published_time":"2024-12-19T21:30:00+00:00","article_modified_time":"2025-07-02T06:11:22+00:00","og_image":[{"width":1176,"height":680,"url":"https:\/\/www.i-vent.com\/hr\/wp-content\/uploads\/2025\/01\/najlepse-darilo-vasemu-domu-1176x680px-1.jpg","type":"image\/jpeg"}],"author":"\u0160pela","twitter_card":"summary_large_image","twitter_misc":{"Napisao\/la":"\u0160pela","Procijenjeno vrijeme \u010ditanja":"3 minute"},"schema":{"@context":"https:\/\/schema.org","@graph":[{"@type":"Article","@id":"https:\/\/www.i-vent.com\/hr\/svjeze\/zima-ni-ovira-za-svez-zrak-pametno-prezracevanje-za-zdravo-bivanje\/#article","isPartOf":{"@id":"https:\/\/www.i-vent.com\/hr\/svjeze\/zima-ni-ovira-za-svez-zrak-pametno-prezracevanje-za-zdravo-bivanje\/"},"author":{"name":"\u0160pela","@id":"https:\/\/www.i-vent.com\/hr\/#\/schema\/person\/67bf2a2b2f68c947ac000d62052d075f"},"headline":"Zima nije prepreka za svje\u017e zrak: Pametno ventiliranje za zdrav \u017eivot.","datePublished":"2024-12-19T21:30:00+00:00","dateModified":"2025-07-02T06:11:22+00:00","mainEntityOfPage":{"@id":"https:\/\/www.i-vent.com\/hr\/svjeze\/zima-ni-ovira-za-svez-zrak-pametno-prezracevanje-za-zdravo-bivanje\/"},"wordCount":522,"publisher":{"@id":"https:\/\/www.i-vent.com\/hr\/#organization"},"image":{"@id":"https:\/\/www.i-vent.com\/hr\/svjeze\/zima-ni-ovira-za-svez-zrak-pametno-prezracevanje-za-zdravo-bivanje\/#primaryimage"},"thumbnailUrl":"https:\/\/www.i-vent.com\/hr\/wp-content\/uploads\/2025\/01\/najlepse-darilo-vasemu-domu-1176x680px-1.jpg","articleSection":["Svje\u017ee"],"inLanguage":"hr"},{"@type":"WebPage","@id":"https:\/\/www.i-vent.com\/hr\/svjeze\/zima-ni-ovira-za-svez-zrak-pametno-prezracevanje-za-zdravo-bivanje\/","url":"https:\/\/www.i-vent.com\/hr\/svjeze\/zima-ni-ovira-za-svez-zrak-pametno-prezracevanje-za-zdravo-bivanje\/","name":"Zima nije prepreka za svje\u017e zrak: Pametno ventiliranje za zdrav \u017eivot. - i-vent.com Hrvatska","isPartOf":{"@id":"https:\/\/www.i-vent.com\/hr\/#website"},"primaryImageOfPage":{"@id":"https:\/\/www.i-vent.com\/hr\/svjeze\/zima-ni-ovira-za-svez-zrak-pametno-prezracevanje-za-zdravo-bivanje\/#primaryimage"},"image":{"@id":"https:\/\/www.i-vent.com\/hr\/svjeze\/zima-ni-ovira-za-svez-zrak-pametno-prezracevanje-za-zdravo-bivanje\/#primaryimage"},"thumbnailUrl":"https:\/\/www.i-vent.com\/hr\/wp-content\/uploads\/2025\/01\/najlepse-darilo-vasemu-domu-1176x680px-1.jpg","datePublished":"2024-12-19T21:30:00+00:00","dateModified":"2025-07-02T06:11:22+00:00","breadcrumb":{"@id":"https:\/\/www.i-vent.com\/hr\/svjeze\/zima-ni-ovira-za-svez-zrak-pametno-prezracevanje-za-zdravo-bivanje\/#breadcrumb"},"inLanguage":"hr","potentialAction":[{"@type":"ReadAction","target":["https:\/\/www.i-vent.com\/hr\/svjeze\/zima-ni-ovira-za-svez-zrak-pametno-prezracevanje-za-zdravo-bivanje\/"]}]},{"@type":"ImageObject","inLanguage":"hr","@id":"https:\/\/www.i-vent.com\/hr\/svjeze\/zima-ni-ovira-za-svez-zrak-pametno-prezracevanje-za-zdravo-bivanje\/#primaryimage","url":"https:\/\/www.i-vent.com\/hr\/wp-content\/uploads\/2025\/01\/najlepse-darilo-vasemu-domu-1176x680px-1.jpg","contentUrl":"https:\/\/www.i-vent.com\/hr\/wp-content\/uploads\/2025\/01\/najlepse-darilo-vasemu-domu-1176x680px-1.jpg","width":1176,"height":680},{"@type":"BreadcrumbList","@id":"https:\/\/www.i-vent.com\/hr\/svjeze\/zima-ni-ovira-za-svez-zrak-pametno-prezracevanje-za-zdravo-bivanje\/#breadcrumb","itemListElement":[{"@type":"ListItem","position":1,"name":"Domov","item":"https:\/\/www.i-vent.com\/hr\/"},{"@type":"ListItem","position":2,"name":"Zima nije prepreka za svje\u017e zrak: Pametno ventiliranje za zdrav \u017eivot."}]},{"@type":"WebSite","@id":"https:\/\/www.i-vent.com\/hr\/#website","url":"https:\/\/www.i-vent.com\/hr\/","name":"i-Vent","description":"Smart ventialtion","publisher":{"@id":"https:\/\/www.i-vent.com\/hr\/#organization"},"alternateName":"i-Vent","potentialAction":[{"@type":"SearchAction","target":{"@type":"EntryPoint","urlTemplate":"https:\/\/www.i-vent.com\/hr\/?s={search_term_string}"},"query-input":{"@type":"PropertyValueSpecification","valueRequired":true,"valueName":"search_term_string"}}],"inLanguage":"hr"},{"@type":"Organization","@id":"https:\/\/www.i-vent.com\/hr\/#organization","name":"i-Vent","alternateName":"i-Vent d.o.o.","url":"https:\/\/www.i-vent.com\/hr\/","logo":{"@type":"ImageObject","inLanguage":"hr","@id":"https:\/\/www.i-vent.com\/hr\/#\/schema\/logo\/image\/","url":"http:\/\/www.i-vent.com\/hr\/wp-content\/uploads\/2025\/03\/i-Vent_696x696.jpg","contentUrl":"http:\/\/www.i-vent.com\/hr\/wp-content\/uploads\/2025\/03\/i-Vent_696x696.jpg","width":696,"height":696,"caption":"i-Vent"},"image":{"@id":"https:\/\/www.i-vent.com\/hr\/#\/schema\/logo\/image\/"},"sameAs":["https:\/\/www.facebook.com\/iVent.slovenija\/"]},{"@type":"Person","@id":"https:\/\/www.i-vent.com\/hr\/#\/schema\/person\/67bf2a2b2f68c947ac000d62052d075f","name":"\u0160pela","image":{"@type":"ImageObject","inLanguage":"hr","@id":"https:\/\/www.i-vent.com\/hr\/#\/schema\/person\/image\/","url":"https:\/\/www.i-vent.com\/hr\/wp-content\/litespeed\/avatar\/a75cd71c97d80944a02928bfead600e5.jpg?ver=1777210753","contentUrl":"https:\/\/www.i-vent.com\/hr\/wp-content\/litespeed\/avatar\/a75cd71c97d80944a02928bfead600e5.jpg?ver=1777210753","caption":"\u0160pela"},"url":"https:\/\/www.i-vent.com\/hr\/author\/spela-golobnaveza-com\/"}]}},"_links":{"self":[{"href":"https:\/\/www.i-vent.com\/hr\/wp-json\/wp\/v2\/posts\/23085","targetHints":{"allow":["GET"]}}],"collection":[{"href":"https:\/\/www.i-vent.com\/hr\/wp-json\/wp\/v2\/posts"}],"about":[{"href":"https:\/\/www.i-vent.com\/hr\/wp-json\/wp\/v2\/types\/post"}],"author":[{"embeddable":true,"href":"https:\/\/www.i-vent.com\/hr\/wp-json\/wp\/v2\/users\/2"}],"replies":[{"embeddable":true,"href":"https:\/\/www.i-vent.com\/hr\/wp-json\/wp\/v2\/comments?post=23085"}],"version-history":[{"count":15,"href":"https:\/\/www.i-vent.com\/hr\/wp-json\/wp\/v2\/posts\/23085\/revisions"}],"predecessor-version":[{"id":28356,"href":"https:\/\/www.i-vent.com\/hr\/wp-json\/wp\/v2\/posts\/23085\/revisions\/28356"}],"wp:featuredmedia":[{"embeddable":true,"href":"https:\/\/www.i-vent.com\/hr\/wp-json\/wp\/v2\/media\/23086"}],"wp:attachment":[{"href":"https:\/\/www.i-vent.com\/hr\/wp-json\/wp\/v2\/media?parent=23085"}],"wp:term":[{"taxonomy":"category","embeddable":true,"href":"https:\/\/www.i-vent.com\/hr\/wp-json\/wp\/v2\/categories?post=23085"},{"taxonomy":"post_tag","embeddable":true,"href":"https:\/\/www.i-vent.com\/hr\/wp-json\/wp\/v2\/tags?post=23085"}],"curies":[{"name":"wp","href":"https:\/\/api.w.org\/{rel}","templated":true}]}}