{"id":24641,"date":"2025-02-26T09:28:02","date_gmt":"2025-02-26T08:28:02","guid":{"rendered":"http:\/\/www.i-vent.com\/hr\/sveze\/treba-je-redno-zraciti-prostore\/"},"modified":"2025-02-26T09:47:47","modified_gmt":"2025-02-26T08:47:47","slug":"treba-je-redno-zraciti-prostore","status":"publish","type":"post","link":"https:\/\/www.i-vent.com\/hr\/aktualno\/novice\/treba-je-redno-zraciti-prostore\/","title":{"rendered":"Treba je redno zra\u010diti prostore"},"content":{"rendered":"<p>Treba je redno zra\u010diti prostore Treba je redno zra\u010diti prostore 29 avgust 2013 Novice Radon je naravni radioaktivni plin, ki nastane po razpadu naravnega urana. Uran je povsod v zemlji, zato lahko radon pride v dom, pisarno ali drug prostor. Radon se na prostem hitro razred\u010di, v zaprtih prostorih pa lahko pri slabem prezra\u010devanju dose\u017ee zelo visoke koncentracije. Vi\u0161ja koncentracija radona je v kleteh in pritli\u010djih, z vi\u0161jimi nadstropji pa se zni\u017euje \u0160ele pred 30 leti smo za\u010deli spoznavati neugodne u\u010dinke tega plina \u2013 s svojimi kratko\u017eivimi razpadnimi produkti je radon drugi najpogostej\u0161i povzro\u010ditelj plju\u010dnega raka , takoj za kajenjem. Pri Svetovni zdravstveni organizaciji ocenjujejo, da gre radonu pripisati od 3 do 14 odstotkov obolevnosti za plju\u010dnim rakom. Koncentracija radona po Sloveniji ni enakomerna. Vi\u0161ja je na Ko\u010devskem, v Suhi krajini, na Idrijskem, v Poljanski dolini in na Krasu. Razlog je v geolo\u0161ki sestavi tal, saj porozne kamnine plin prepu\u0161\u010dajo in omogo\u010dajo njegovo prodiranje iz zemeljske skorje proti povr\u0161ju. Vi\u0161ja koncentracija radona je ponekod povezana s posegi \u010dloveka. Tako obmo\u010dje je tudi Parmova v Ljubljani, Zelena jama in nekatere to\u010dke ob \u017eelezni\u0161ki progi. Da je Parmova problem, so ugotovili leta 1995, ko so delali meritve v prostorih na Parmovi 35, kjer je danes \u017delezni\u0161ki muzej. Izmerili so skoraj 5000 bekerelov na prostorninski meter zraka. Za primerjavo: dovoljena mejna vrednost koncentracije radona v zraku delovnega okolja zna\u0161a 1000 Bq\/m3, bivalnega okolja pa 400 Bq\/m3. Koncentracija radona drasti\u010dno pade, ko se prostori prezra\u010dijo. Kadar izmerijo povi\u0161ane vrednosti, svetujejo ukrepe, s katerimi je mogo\u010de zelo zmanj\u0161ati prisotnost radona. Najbolj enostaven ukrep je redno zra\u010denje prostorov . To pomeni, da prostor prezra\u010dite zjutraj, opoldne in zve\u010der za nekaj minut. \u010ce to ne zado\u0161\u010da, je na objekt treba namestiti posebni prezra\u010devalni sistem . To niso niti zapleteni niti posebej dragi ukrepi, pojasnjuje Omahen. Strokovnjaki tudi \u017eelijo, da bi investitorji \u017ee pred novogradnjo z meritvijo preverili, ali je sevanje radona prekomerno. V tem primeru naj se posvetujejo s strokovnjaki, kako z gradnjo prepre\u010diti prehajanje radona v objekt \u2013 ne pa kasneje, ko objekt \u017ee stoji, opozarja Omahen. Vendar zavest o tem pri nas \u0161e ni posebej visoka. VIR: Dnevnik, \u010detrtek 29.8.2013, \u010dlanek: Treba je redno zra\u010diti prostore, Mojca Loren\u010di\u010d (Foto: Toma\u017e Skale) Ve\u010d si lahko preberete na: Dnevnik \u010cLANEK: TREBA JE REDNO ZRA\u010cITI PROSTORE (DNEVNIK, 29.8.2013) Ve\u010d si lahko preberete na: Treba je redno zra\u010diti prostore.pdf (256.2KB) Ob\u010dutite sve\u017eino narave v svojem domu. Preberi ve\u010d Aktualno i-Vent prejemnik presti\u017ene nagrade Izbrana znamka zaupanja 2025 14 februar 2025 Novice Preberi ve\u010d Zima ni ovira za sve\u017e zrak: Pametno prezra\u010devanje za zdravo bivanje 19 december 2024 Novice Preberi ve\u010d Spletna okrogla miza Zelene celice 27 november 2024 Novice Preberi ve\u010d Slovenija v samem svetovnem vrhu po \u0161tevilu prezra\u010devalnih sistemov 28 oktober 2024 Novice Preberi ve\u010d Presti\u017ena nagrada za i-Vent 23 oktober 2024 Novice Preberi ve\u010d Tako kot diha \u010dlovek, mora dihati tudi hi\u0161a 18 oktober 2024 Novice Preberi ve\u010d novosti REFERENCE vizija podjetja<\/p>\n","protected":false},"excerpt":{"rendered":"<p>Treba je redno zra\u010diti prostore Treba je redno zra\u010diti prostore 29 avgust 2013 Novice Radon je naravni radioaktivni plin, ki nastane po razpadu naravnega urana. Uran je povsod v zemlji, zato lahko radon pride v dom, pisarno ali drug prostor. Radon&#8230;<\/p>\n","protected":false},"author":2,"featured_media":0,"comment_status":"closed","ping_status":"open","sticky":false,"template":"","format":"standard","meta":{"footnotes":""},"categories":[89,90],"tags":[],"class_list":["post-24641","post","type-post","status-publish","format-standard","hentry","category-aktualno","category-novice"],"yoast_head":"<!-- This site is optimized with the Yoast SEO plugin v27.1.1 - https:\/\/yoast.com\/product\/yoast-seo-wordpress\/ -->\n<title>Treba je redno zra\u010diti prostore - i-vent.com Hrvatska<\/title>\n<meta name=\"robots\" content=\"index, follow, max-snippet:-1, max-image-preview:large, max-video-preview:-1\" \/>\n<link rel=\"canonical\" href=\"https:\/\/www.i-vent.com\/hr\/aktualno\/novice\/treba-je-redno-zraciti-prostore\/\" \/>\n<meta property=\"og:locale\" content=\"hr_HR\" \/>\n<meta property=\"og:type\" content=\"article\" \/>\n<meta property=\"og:title\" content=\"Treba je redno zra\u010diti prostore - i-vent.com Hrvatska\" \/>\n<meta property=\"og:description\" content=\"Treba je redno zra\u010diti prostore Treba je redno zra\u010diti prostore 29 avgust 2013 Novice Radon je naravni radioaktivni plin, ki nastane po razpadu naravnega urana. Uran je povsod v zemlji, zato lahko radon pride v dom, pisarno ali drug prostor. Radon...\" \/>\n<meta property=\"og:url\" content=\"https:\/\/www.i-vent.com\/hr\/aktualno\/novice\/treba-je-redno-zraciti-prostore\/\" \/>\n<meta property=\"og:site_name\" content=\"i-vent.com Hrvatska\" \/>\n<meta property=\"article:publisher\" content=\"https:\/\/www.facebook.com\/iVent.slovenija\/\" \/>\n<meta property=\"article:published_time\" content=\"2025-02-26T08:28:02+00:00\" \/>\n<meta property=\"article:modified_time\" content=\"2025-02-26T08:47:47+00:00\" \/>\n<meta property=\"og:image\" content=\"https:\/\/www.i-vent.com\/hr\/wp-content\/uploads\/2025\/03\/i-vent_og.jpg\" \/>\n\t<meta property=\"og:image:width\" content=\"1200\" \/>\n\t<meta property=\"og:image:height\" content=\"630\" \/>\n\t<meta property=\"og:image:type\" content=\"image\/jpeg\" \/>\n<meta name=\"author\" content=\"\u0160pela\" \/>\n<meta name=\"twitter:card\" content=\"summary_large_image\" \/>\n<meta name=\"twitter:label1\" content=\"Napisao\/la\" \/>\n\t<meta name=\"twitter:data1\" content=\"\u0160pela\" \/>\n\t<meta name=\"twitter:label2\" content=\"Procijenjeno vrijeme \u010ditanja\" \/>\n\t<meta name=\"twitter:data2\" content=\"3 minute\" \/>\n<script type=\"application\/ld+json\" class=\"yoast-schema-graph\">{\"@context\":\"https:\/\/schema.org\",\"@graph\":[{\"@type\":\"Article\",\"@id\":\"https:\/\/www.i-vent.com\/hr\/aktualno\/novice\/treba-je-redno-zraciti-prostore\/#article\",\"isPartOf\":{\"@id\":\"https:\/\/www.i-vent.com\/hr\/aktualno\/novice\/treba-je-redno-zraciti-prostore\/\"},\"author\":{\"name\":\"\u0160pela\",\"@id\":\"https:\/\/www.i-vent.com\/hr\/#\/schema\/person\/67bf2a2b2f68c947ac000d62052d075f\"},\"headline\":\"Treba je redno zra\u010diti prostore\",\"datePublished\":\"2025-02-26T08:28:02+00:00\",\"dateModified\":\"2025-02-26T08:47:47+00:00\",\"mainEntityOfPage\":{\"@id\":\"https:\/\/www.i-vent.com\/hr\/aktualno\/novice\/treba-je-redno-zraciti-prostore\/\"},\"wordCount\":514,\"publisher\":{\"@id\":\"https:\/\/www.i-vent.com\/hr\/#organization\"},\"articleSection\":[\"Aktualno\",\"Novice\"],\"inLanguage\":\"hr\"},{\"@type\":\"WebPage\",\"@id\":\"https:\/\/www.i-vent.com\/hr\/aktualno\/novice\/treba-je-redno-zraciti-prostore\/\",\"url\":\"https:\/\/www.i-vent.com\/hr\/aktualno\/novice\/treba-je-redno-zraciti-prostore\/\",\"name\":\"Treba je redno zra\u010diti prostore - i-vent.com Hrvatska\",\"isPartOf\":{\"@id\":\"https:\/\/www.i-vent.com\/hr\/#website\"},\"datePublished\":\"2025-02-26T08:28:02+00:00\",\"dateModified\":\"2025-02-26T08:47:47+00:00\",\"breadcrumb\":{\"@id\":\"https:\/\/www.i-vent.com\/hr\/aktualno\/novice\/treba-je-redno-zraciti-prostore\/#breadcrumb\"},\"inLanguage\":\"hr\",\"potentialAction\":[{\"@type\":\"ReadAction\",\"target\":[\"https:\/\/www.i-vent.com\/hr\/aktualno\/novice\/treba-je-redno-zraciti-prostore\/\"]}]},{\"@type\":\"BreadcrumbList\",\"@id\":\"https:\/\/www.i-vent.com\/hr\/aktualno\/novice\/treba-je-redno-zraciti-prostore\/#breadcrumb\",\"itemListElement\":[{\"@type\":\"ListItem\",\"position\":1,\"name\":\"Domov\",\"item\":\"https:\/\/www.i-vent.com\/hr\/\"},{\"@type\":\"ListItem\",\"position\":2,\"name\":\"Treba je redno zra\u010diti prostore\"}]},{\"@type\":\"WebSite\",\"@id\":\"https:\/\/www.i-vent.com\/hr\/#website\",\"url\":\"https:\/\/www.i-vent.com\/hr\/\",\"name\":\"i-Vent\",\"description\":\"Smart ventialtion\",\"publisher\":{\"@id\":\"https:\/\/www.i-vent.com\/hr\/#organization\"},\"alternateName\":\"i-Vent\",\"potentialAction\":[{\"@type\":\"SearchAction\",\"target\":{\"@type\":\"EntryPoint\",\"urlTemplate\":\"https:\/\/www.i-vent.com\/hr\/?s={search_term_string}\"},\"query-input\":{\"@type\":\"PropertyValueSpecification\",\"valueRequired\":true,\"valueName\":\"search_term_string\"}}],\"inLanguage\":\"hr\"},{\"@type\":\"Organization\",\"@id\":\"https:\/\/www.i-vent.com\/hr\/#organization\",\"name\":\"i-Vent\",\"alternateName\":\"i-Vent d.o.o.\",\"url\":\"https:\/\/www.i-vent.com\/hr\/\",\"logo\":{\"@type\":\"ImageObject\",\"inLanguage\":\"hr\",\"@id\":\"https:\/\/www.i-vent.com\/hr\/#\/schema\/logo\/image\/\",\"url\":\"http:\/\/www.i-vent.com\/hr\/wp-content\/uploads\/2025\/03\/i-Vent_696x696.jpg\",\"contentUrl\":\"http:\/\/www.i-vent.com\/hr\/wp-content\/uploads\/2025\/03\/i-Vent_696x696.jpg\",\"width\":696,\"height\":696,\"caption\":\"i-Vent\"},\"image\":{\"@id\":\"https:\/\/www.i-vent.com\/hr\/#\/schema\/logo\/image\/\"},\"sameAs\":[\"https:\/\/www.facebook.com\/iVent.slovenija\/\"]},{\"@type\":\"Person\",\"@id\":\"https:\/\/www.i-vent.com\/hr\/#\/schema\/person\/67bf2a2b2f68c947ac000d62052d075f\",\"name\":\"\u0160pela\",\"image\":{\"@type\":\"ImageObject\",\"inLanguage\":\"hr\",\"@id\":\"https:\/\/www.i-vent.com\/hr\/#\/schema\/person\/image\/\",\"url\":\"https:\/\/www.i-vent.com\/hr\/wp-content\/litespeed\/avatar\/a75cd71c97d80944a02928bfead600e5.jpg?ver=1777210753\",\"contentUrl\":\"https:\/\/www.i-vent.com\/hr\/wp-content\/litespeed\/avatar\/a75cd71c97d80944a02928bfead600e5.jpg?ver=1777210753\",\"caption\":\"\u0160pela\"},\"url\":\"https:\/\/www.i-vent.com\/hr\/author\/spela-golobnaveza-com\/\"}]}<\/script>\n<!-- \/ Yoast SEO plugin. -->","yoast_head_json":{"title":"Treba je redno zra\u010diti prostore - i-vent.com Hrvatska","robots":{"index":"index","follow":"follow","max-snippet":"max-snippet:-1","max-image-preview":"max-image-preview:large","max-video-preview":"max-video-preview:-1"},"canonical":"https:\/\/www.i-vent.com\/hr\/aktualno\/novice\/treba-je-redno-zraciti-prostore\/","og_locale":"hr_HR","og_type":"article","og_title":"Treba je redno zra\u010diti prostore - i-vent.com Hrvatska","og_description":"Treba je redno zra\u010diti prostore Treba je redno zra\u010diti prostore 29 avgust 2013 Novice Radon je naravni radioaktivni plin, ki nastane po razpadu naravnega urana. Uran je povsod v zemlji, zato lahko radon pride v dom, pisarno ali drug prostor. Radon...","og_url":"https:\/\/www.i-vent.com\/hr\/aktualno\/novice\/treba-je-redno-zraciti-prostore\/","og_site_name":"i-vent.com Hrvatska","article_publisher":"https:\/\/www.facebook.com\/iVent.slovenija\/","article_published_time":"2025-02-26T08:28:02+00:00","article_modified_time":"2025-02-26T08:47:47+00:00","og_image":[{"width":1200,"height":630,"url":"https:\/\/www.i-vent.com\/hr\/wp-content\/uploads\/2025\/03\/i-vent_og.jpg","type":"image\/jpeg"}],"author":"\u0160pela","twitter_card":"summary_large_image","twitter_misc":{"Napisao\/la":"\u0160pela","Procijenjeno vrijeme \u010ditanja":"3 minute"},"schema":{"@context":"https:\/\/schema.org","@graph":[{"@type":"Article","@id":"https:\/\/www.i-vent.com\/hr\/aktualno\/novice\/treba-je-redno-zraciti-prostore\/#article","isPartOf":{"@id":"https:\/\/www.i-vent.com\/hr\/aktualno\/novice\/treba-je-redno-zraciti-prostore\/"},"author":{"name":"\u0160pela","@id":"https:\/\/www.i-vent.com\/hr\/#\/schema\/person\/67bf2a2b2f68c947ac000d62052d075f"},"headline":"Treba je redno zra\u010diti prostore","datePublished":"2025-02-26T08:28:02+00:00","dateModified":"2025-02-26T08:47:47+00:00","mainEntityOfPage":{"@id":"https:\/\/www.i-vent.com\/hr\/aktualno\/novice\/treba-je-redno-zraciti-prostore\/"},"wordCount":514,"publisher":{"@id":"https:\/\/www.i-vent.com\/hr\/#organization"},"articleSection":["Aktualno","Novice"],"inLanguage":"hr"},{"@type":"WebPage","@id":"https:\/\/www.i-vent.com\/hr\/aktualno\/novice\/treba-je-redno-zraciti-prostore\/","url":"https:\/\/www.i-vent.com\/hr\/aktualno\/novice\/treba-je-redno-zraciti-prostore\/","name":"Treba je redno zra\u010diti prostore - i-vent.com Hrvatska","isPartOf":{"@id":"https:\/\/www.i-vent.com\/hr\/#website"},"datePublished":"2025-02-26T08:28:02+00:00","dateModified":"2025-02-26T08:47:47+00:00","breadcrumb":{"@id":"https:\/\/www.i-vent.com\/hr\/aktualno\/novice\/treba-je-redno-zraciti-prostore\/#breadcrumb"},"inLanguage":"hr","potentialAction":[{"@type":"ReadAction","target":["https:\/\/www.i-vent.com\/hr\/aktualno\/novice\/treba-je-redno-zraciti-prostore\/"]}]},{"@type":"BreadcrumbList","@id":"https:\/\/www.i-vent.com\/hr\/aktualno\/novice\/treba-je-redno-zraciti-prostore\/#breadcrumb","itemListElement":[{"@type":"ListItem","position":1,"name":"Domov","item":"https:\/\/www.i-vent.com\/hr\/"},{"@type":"ListItem","position":2,"name":"Treba je redno zra\u010diti prostore"}]},{"@type":"WebSite","@id":"https:\/\/www.i-vent.com\/hr\/#website","url":"https:\/\/www.i-vent.com\/hr\/","name":"i-Vent","description":"Smart ventialtion","publisher":{"@id":"https:\/\/www.i-vent.com\/hr\/#organization"},"alternateName":"i-Vent","potentialAction":[{"@type":"SearchAction","target":{"@type":"EntryPoint","urlTemplate":"https:\/\/www.i-vent.com\/hr\/?s={search_term_string}"},"query-input":{"@type":"PropertyValueSpecification","valueRequired":true,"valueName":"search_term_string"}}],"inLanguage":"hr"},{"@type":"Organization","@id":"https:\/\/www.i-vent.com\/hr\/#organization","name":"i-Vent","alternateName":"i-Vent d.o.o.","url":"https:\/\/www.i-vent.com\/hr\/","logo":{"@type":"ImageObject","inLanguage":"hr","@id":"https:\/\/www.i-vent.com\/hr\/#\/schema\/logo\/image\/","url":"http:\/\/www.i-vent.com\/hr\/wp-content\/uploads\/2025\/03\/i-Vent_696x696.jpg","contentUrl":"http:\/\/www.i-vent.com\/hr\/wp-content\/uploads\/2025\/03\/i-Vent_696x696.jpg","width":696,"height":696,"caption":"i-Vent"},"image":{"@id":"https:\/\/www.i-vent.com\/hr\/#\/schema\/logo\/image\/"},"sameAs":["https:\/\/www.facebook.com\/iVent.slovenija\/"]},{"@type":"Person","@id":"https:\/\/www.i-vent.com\/hr\/#\/schema\/person\/67bf2a2b2f68c947ac000d62052d075f","name":"\u0160pela","image":{"@type":"ImageObject","inLanguage":"hr","@id":"https:\/\/www.i-vent.com\/hr\/#\/schema\/person\/image\/","url":"https:\/\/www.i-vent.com\/hr\/wp-content\/litespeed\/avatar\/a75cd71c97d80944a02928bfead600e5.jpg?ver=1777210753","contentUrl":"https:\/\/www.i-vent.com\/hr\/wp-content\/litespeed\/avatar\/a75cd71c97d80944a02928bfead600e5.jpg?ver=1777210753","caption":"\u0160pela"},"url":"https:\/\/www.i-vent.com\/hr\/author\/spela-golobnaveza-com\/"}]}},"_links":{"self":[{"href":"https:\/\/www.i-vent.com\/hr\/wp-json\/wp\/v2\/posts\/24641","targetHints":{"allow":["GET"]}}],"collection":[{"href":"https:\/\/www.i-vent.com\/hr\/wp-json\/wp\/v2\/posts"}],"about":[{"href":"https:\/\/www.i-vent.com\/hr\/wp-json\/wp\/v2\/types\/post"}],"author":[{"embeddable":true,"href":"https:\/\/www.i-vent.com\/hr\/wp-json\/wp\/v2\/users\/2"}],"replies":[{"embeddable":true,"href":"https:\/\/www.i-vent.com\/hr\/wp-json\/wp\/v2\/comments?post=24641"}],"version-history":[{"count":0,"href":"https:\/\/www.i-vent.com\/hr\/wp-json\/wp\/v2\/posts\/24641\/revisions"}],"wp:attachment":[{"href":"https:\/\/www.i-vent.com\/hr\/wp-json\/wp\/v2\/media?parent=24641"}],"wp:term":[{"taxonomy":"category","embeddable":true,"href":"https:\/\/www.i-vent.com\/hr\/wp-json\/wp\/v2\/categories?post=24641"},{"taxonomy":"post_tag","embeddable":true,"href":"https:\/\/www.i-vent.com\/hr\/wp-json\/wp\/v2\/tags?post=24641"}],"curies":[{"name":"wp","href":"https:\/\/api.w.org\/{rel}","templated":true}]}}