{"id":24645,"date":"2025-02-26T09:28:02","date_gmt":"2025-02-26T08:28:02","guid":{"rendered":"http:\/\/www.i-vent.com\/hr\/sveze\/udelezili-smo-se-36-financne-konference\/"},"modified":"2025-02-26T09:47:47","modified_gmt":"2025-02-26T08:47:47","slug":"udelezili-smo-se-36-financne-konference","status":"publish","type":"post","link":"https:\/\/www.i-vent.com\/hr\/aktualno\/novice\/udelezili-smo-se-36-financne-konference\/","title":{"rendered":"Udele\u017eili smo se 36. Finan\u010dne konference"},"content":{"rendered":"<p>Udele\u017eili smo se 36. Finan\u010dne konference Udele\u017eili smo se 36. Finan\u010dne konference 15 maj 2019 Novice 7. in 8. maja smo se udele\u017eili najve\u010djega finan\u010dno poslovnega dogodka v Sloveniji, 36. Finan\u010dne konference, ki se je odvijala v GH Bernardin v Portoro\u017eu. Ponosni smo, da je v leto\u0161njem letu eden izmed govornikov na konferenci bil tudi na\u0161 direktor, g. Milan Kuster. Verjamemo, da je to potrditev, da smo z na\u0161imi produkti in na\u0161im pristopom k delu na pravi poti in prepri\u010dani smo, da bomo v prihodnjih letih s trdim delom in trudom \u0161e bolj\u0161i in \u0161e uspe\u0161nej\u0161i. Seveda nam to ne bi uspelo brez vas, na\u0161ih kupcev. Hvala. Ob\u010dutite sve\u017eino narave v svojem domu. Preberi ve\u010d Aktualno i-Vent prejemnik presti\u017ene nagrade Izbrana znamka zaupanja 2025 14 februar 2025 Novice Preberi ve\u010d Zima ni ovira za sve\u017e zrak: Pametno prezra\u010devanje za zdravo bivanje 19 december 2024 Novice Preberi ve\u010d Spletna okrogla miza Zelene celice 27 november 2024 Novice Preberi ve\u010d Slovenija v samem svetovnem vrhu po \u0161tevilu prezra\u010devalnih sistemov 28 oktober 2024 Novice Preberi ve\u010d Presti\u017ena nagrada za i-Vent 23 oktober 2024 Novice Preberi ve\u010d Tako kot diha \u010dlovek, mora dihati tudi hi\u0161a 18 oktober 2024 Novice Preberi ve\u010d novosti REFERENCE vizija podjetja<\/p>\n","protected":false},"excerpt":{"rendered":"<p>Udele\u017eili smo se 36. Finan\u010dne konference Udele\u017eili smo se 36. Finan\u010dne konference 15 maj 2019 Novice 7. in 8. maja smo se udele\u017eili najve\u010djega finan\u010dno poslovnega dogodka v Sloveniji, 36. Finan\u010dne konference, ki se je odvijala v GH Bernardin v Portoro\u017eu&#8230;.<\/p>\n","protected":false},"author":2,"featured_media":0,"comment_status":"closed","ping_status":"open","sticky":false,"template":"","format":"standard","meta":{"footnotes":""},"categories":[89,90],"tags":[],"class_list":["post-24645","post","type-post","status-publish","format-standard","hentry","category-aktualno","category-novice"],"yoast_head":"<!-- This site is optimized with the Yoast SEO plugin v27.1.1 - https:\/\/yoast.com\/product\/yoast-seo-wordpress\/ -->\n<title>Udele\u017eili smo se 36. Finan\u010dne konference - i-vent.com Hrvatska<\/title>\n<meta name=\"robots\" content=\"index, follow, max-snippet:-1, max-image-preview:large, max-video-preview:-1\" \/>\n<link rel=\"canonical\" href=\"https:\/\/www.i-vent.com\/hr\/aktualno\/novice\/udelezili-smo-se-36-financne-konference\/\" \/>\n<meta property=\"og:locale\" content=\"hr_HR\" \/>\n<meta property=\"og:type\" content=\"article\" \/>\n<meta property=\"og:title\" content=\"Udele\u017eili smo se 36. Finan\u010dne konference - i-vent.com Hrvatska\" \/>\n<meta property=\"og:description\" content=\"Udele\u017eili smo se 36. Finan\u010dne konference Udele\u017eili smo se 36. Finan\u010dne konference 15 maj 2019 Novice 7. in 8. maja smo se udele\u017eili najve\u010djega finan\u010dno poslovnega dogodka v Sloveniji, 36. Finan\u010dne konference, ki se je odvijala v GH Bernardin v Portoro\u017eu....\" \/>\n<meta property=\"og:url\" content=\"https:\/\/www.i-vent.com\/hr\/aktualno\/novice\/udelezili-smo-se-36-financne-konference\/\" \/>\n<meta property=\"og:site_name\" content=\"i-vent.com Hrvatska\" \/>\n<meta property=\"article:publisher\" content=\"https:\/\/www.facebook.com\/iVent.slovenija\/\" \/>\n<meta property=\"article:published_time\" content=\"2025-02-26T08:28:02+00:00\" \/>\n<meta property=\"article:modified_time\" content=\"2025-02-26T08:47:47+00:00\" \/>\n<meta property=\"og:image\" content=\"https:\/\/www.i-vent.com\/hr\/wp-content\/uploads\/2025\/03\/i-vent_og.jpg\" \/>\n\t<meta property=\"og:image:width\" content=\"1200\" \/>\n\t<meta property=\"og:image:height\" content=\"630\" \/>\n\t<meta property=\"og:image:type\" content=\"image\/jpeg\" \/>\n<meta name=\"author\" content=\"\u0160pela\" \/>\n<meta name=\"twitter:card\" content=\"summary_large_image\" \/>\n<meta name=\"twitter:label1\" content=\"Napisao\/la\" \/>\n\t<meta name=\"twitter:data1\" content=\"\u0160pela\" \/>\n\t<meta name=\"twitter:label2\" content=\"Procijenjeno vrijeme \u010ditanja\" \/>\n\t<meta name=\"twitter:data2\" content=\"1 minuta\" \/>\n<script type=\"application\/ld+json\" class=\"yoast-schema-graph\">{\"@context\":\"https:\/\/schema.org\",\"@graph\":[{\"@type\":\"Article\",\"@id\":\"https:\/\/www.i-vent.com\/hr\/aktualno\/novice\/udelezili-smo-se-36-financne-konference\/#article\",\"isPartOf\":{\"@id\":\"https:\/\/www.i-vent.com\/hr\/aktualno\/novice\/udelezili-smo-se-36-financne-konference\/\"},\"author\":{\"name\":\"\u0160pela\",\"@id\":\"https:\/\/www.i-vent.com\/hr\/#\/schema\/person\/67bf2a2b2f68c947ac000d62052d075f\"},\"headline\":\"Udele\u017eili smo se 36. Finan\u010dne konference\",\"datePublished\":\"2025-02-26T08:28:02+00:00\",\"dateModified\":\"2025-02-26T08:47:47+00:00\",\"mainEntityOfPage\":{\"@id\":\"https:\/\/www.i-vent.com\/hr\/aktualno\/novice\/udelezili-smo-se-36-financne-konference\/\"},\"wordCount\":212,\"publisher\":{\"@id\":\"https:\/\/www.i-vent.com\/hr\/#organization\"},\"articleSection\":[\"Aktualno\",\"Novice\"],\"inLanguage\":\"hr\"},{\"@type\":\"WebPage\",\"@id\":\"https:\/\/www.i-vent.com\/hr\/aktualno\/novice\/udelezili-smo-se-36-financne-konference\/\",\"url\":\"https:\/\/www.i-vent.com\/hr\/aktualno\/novice\/udelezili-smo-se-36-financne-konference\/\",\"name\":\"Udele\u017eili smo se 36. Finan\u010dne konference - i-vent.com Hrvatska\",\"isPartOf\":{\"@id\":\"https:\/\/www.i-vent.com\/hr\/#website\"},\"datePublished\":\"2025-02-26T08:28:02+00:00\",\"dateModified\":\"2025-02-26T08:47:47+00:00\",\"breadcrumb\":{\"@id\":\"https:\/\/www.i-vent.com\/hr\/aktualno\/novice\/udelezili-smo-se-36-financne-konference\/#breadcrumb\"},\"inLanguage\":\"hr\",\"potentialAction\":[{\"@type\":\"ReadAction\",\"target\":[\"https:\/\/www.i-vent.com\/hr\/aktualno\/novice\/udelezili-smo-se-36-financne-konference\/\"]}]},{\"@type\":\"BreadcrumbList\",\"@id\":\"https:\/\/www.i-vent.com\/hr\/aktualno\/novice\/udelezili-smo-se-36-financne-konference\/#breadcrumb\",\"itemListElement\":[{\"@type\":\"ListItem\",\"position\":1,\"name\":\"Domov\",\"item\":\"https:\/\/www.i-vent.com\/hr\/\"},{\"@type\":\"ListItem\",\"position\":2,\"name\":\"Udele\u017eili smo se 36. Finan\u010dne konference\"}]},{\"@type\":\"WebSite\",\"@id\":\"https:\/\/www.i-vent.com\/hr\/#website\",\"url\":\"https:\/\/www.i-vent.com\/hr\/\",\"name\":\"i-Vent\",\"description\":\"Smart ventialtion\",\"publisher\":{\"@id\":\"https:\/\/www.i-vent.com\/hr\/#organization\"},\"alternateName\":\"i-Vent\",\"potentialAction\":[{\"@type\":\"SearchAction\",\"target\":{\"@type\":\"EntryPoint\",\"urlTemplate\":\"https:\/\/www.i-vent.com\/hr\/?s={search_term_string}\"},\"query-input\":{\"@type\":\"PropertyValueSpecification\",\"valueRequired\":true,\"valueName\":\"search_term_string\"}}],\"inLanguage\":\"hr\"},{\"@type\":\"Organization\",\"@id\":\"https:\/\/www.i-vent.com\/hr\/#organization\",\"name\":\"i-Vent\",\"alternateName\":\"i-Vent d.o.o.\",\"url\":\"https:\/\/www.i-vent.com\/hr\/\",\"logo\":{\"@type\":\"ImageObject\",\"inLanguage\":\"hr\",\"@id\":\"https:\/\/www.i-vent.com\/hr\/#\/schema\/logo\/image\/\",\"url\":\"http:\/\/www.i-vent.com\/hr\/wp-content\/uploads\/2025\/03\/i-Vent_696x696.jpg\",\"contentUrl\":\"http:\/\/www.i-vent.com\/hr\/wp-content\/uploads\/2025\/03\/i-Vent_696x696.jpg\",\"width\":696,\"height\":696,\"caption\":\"i-Vent\"},\"image\":{\"@id\":\"https:\/\/www.i-vent.com\/hr\/#\/schema\/logo\/image\/\"},\"sameAs\":[\"https:\/\/www.facebook.com\/iVent.slovenija\/\"]},{\"@type\":\"Person\",\"@id\":\"https:\/\/www.i-vent.com\/hr\/#\/schema\/person\/67bf2a2b2f68c947ac000d62052d075f\",\"name\":\"\u0160pela\",\"image\":{\"@type\":\"ImageObject\",\"inLanguage\":\"hr\",\"@id\":\"https:\/\/www.i-vent.com\/hr\/#\/schema\/person\/image\/\",\"url\":\"https:\/\/www.i-vent.com\/hr\/wp-content\/litespeed\/avatar\/a75cd71c97d80944a02928bfead600e5.jpg?ver=1777210753\",\"contentUrl\":\"https:\/\/www.i-vent.com\/hr\/wp-content\/litespeed\/avatar\/a75cd71c97d80944a02928bfead600e5.jpg?ver=1777210753\",\"caption\":\"\u0160pela\"},\"url\":\"https:\/\/www.i-vent.com\/hr\/author\/spela-golobnaveza-com\/\"}]}<\/script>\n<!-- \/ Yoast SEO plugin. -->","yoast_head_json":{"title":"Udele\u017eili smo se 36. Finan\u010dne konference - i-vent.com Hrvatska","robots":{"index":"index","follow":"follow","max-snippet":"max-snippet:-1","max-image-preview":"max-image-preview:large","max-video-preview":"max-video-preview:-1"},"canonical":"https:\/\/www.i-vent.com\/hr\/aktualno\/novice\/udelezili-smo-se-36-financne-konference\/","og_locale":"hr_HR","og_type":"article","og_title":"Udele\u017eili smo se 36. Finan\u010dne konference - i-vent.com Hrvatska","og_description":"Udele\u017eili smo se 36. Finan\u010dne konference Udele\u017eili smo se 36. Finan\u010dne konference 15 maj 2019 Novice 7. in 8. maja smo se udele\u017eili najve\u010djega finan\u010dno poslovnega dogodka v Sloveniji, 36. Finan\u010dne konference, ki se je odvijala v GH Bernardin v Portoro\u017eu....","og_url":"https:\/\/www.i-vent.com\/hr\/aktualno\/novice\/udelezili-smo-se-36-financne-konference\/","og_site_name":"i-vent.com Hrvatska","article_publisher":"https:\/\/www.facebook.com\/iVent.slovenija\/","article_published_time":"2025-02-26T08:28:02+00:00","article_modified_time":"2025-02-26T08:47:47+00:00","og_image":[{"width":1200,"height":630,"url":"https:\/\/www.i-vent.com\/hr\/wp-content\/uploads\/2025\/03\/i-vent_og.jpg","type":"image\/jpeg"}],"author":"\u0160pela","twitter_card":"summary_large_image","twitter_misc":{"Napisao\/la":"\u0160pela","Procijenjeno vrijeme \u010ditanja":"1 minuta"},"schema":{"@context":"https:\/\/schema.org","@graph":[{"@type":"Article","@id":"https:\/\/www.i-vent.com\/hr\/aktualno\/novice\/udelezili-smo-se-36-financne-konference\/#article","isPartOf":{"@id":"https:\/\/www.i-vent.com\/hr\/aktualno\/novice\/udelezili-smo-se-36-financne-konference\/"},"author":{"name":"\u0160pela","@id":"https:\/\/www.i-vent.com\/hr\/#\/schema\/person\/67bf2a2b2f68c947ac000d62052d075f"},"headline":"Udele\u017eili smo se 36. Finan\u010dne konference","datePublished":"2025-02-26T08:28:02+00:00","dateModified":"2025-02-26T08:47:47+00:00","mainEntityOfPage":{"@id":"https:\/\/www.i-vent.com\/hr\/aktualno\/novice\/udelezili-smo-se-36-financne-konference\/"},"wordCount":212,"publisher":{"@id":"https:\/\/www.i-vent.com\/hr\/#organization"},"articleSection":["Aktualno","Novice"],"inLanguage":"hr"},{"@type":"WebPage","@id":"https:\/\/www.i-vent.com\/hr\/aktualno\/novice\/udelezili-smo-se-36-financne-konference\/","url":"https:\/\/www.i-vent.com\/hr\/aktualno\/novice\/udelezili-smo-se-36-financne-konference\/","name":"Udele\u017eili smo se 36. Finan\u010dne konference - i-vent.com Hrvatska","isPartOf":{"@id":"https:\/\/www.i-vent.com\/hr\/#website"},"datePublished":"2025-02-26T08:28:02+00:00","dateModified":"2025-02-26T08:47:47+00:00","breadcrumb":{"@id":"https:\/\/www.i-vent.com\/hr\/aktualno\/novice\/udelezili-smo-se-36-financne-konference\/#breadcrumb"},"inLanguage":"hr","potentialAction":[{"@type":"ReadAction","target":["https:\/\/www.i-vent.com\/hr\/aktualno\/novice\/udelezili-smo-se-36-financne-konference\/"]}]},{"@type":"BreadcrumbList","@id":"https:\/\/www.i-vent.com\/hr\/aktualno\/novice\/udelezili-smo-se-36-financne-konference\/#breadcrumb","itemListElement":[{"@type":"ListItem","position":1,"name":"Domov","item":"https:\/\/www.i-vent.com\/hr\/"},{"@type":"ListItem","position":2,"name":"Udele\u017eili smo se 36. Finan\u010dne konference"}]},{"@type":"WebSite","@id":"https:\/\/www.i-vent.com\/hr\/#website","url":"https:\/\/www.i-vent.com\/hr\/","name":"i-Vent","description":"Smart ventialtion","publisher":{"@id":"https:\/\/www.i-vent.com\/hr\/#organization"},"alternateName":"i-Vent","potentialAction":[{"@type":"SearchAction","target":{"@type":"EntryPoint","urlTemplate":"https:\/\/www.i-vent.com\/hr\/?s={search_term_string}"},"query-input":{"@type":"PropertyValueSpecification","valueRequired":true,"valueName":"search_term_string"}}],"inLanguage":"hr"},{"@type":"Organization","@id":"https:\/\/www.i-vent.com\/hr\/#organization","name":"i-Vent","alternateName":"i-Vent d.o.o.","url":"https:\/\/www.i-vent.com\/hr\/","logo":{"@type":"ImageObject","inLanguage":"hr","@id":"https:\/\/www.i-vent.com\/hr\/#\/schema\/logo\/image\/","url":"http:\/\/www.i-vent.com\/hr\/wp-content\/uploads\/2025\/03\/i-Vent_696x696.jpg","contentUrl":"http:\/\/www.i-vent.com\/hr\/wp-content\/uploads\/2025\/03\/i-Vent_696x696.jpg","width":696,"height":696,"caption":"i-Vent"},"image":{"@id":"https:\/\/www.i-vent.com\/hr\/#\/schema\/logo\/image\/"},"sameAs":["https:\/\/www.facebook.com\/iVent.slovenija\/"]},{"@type":"Person","@id":"https:\/\/www.i-vent.com\/hr\/#\/schema\/person\/67bf2a2b2f68c947ac000d62052d075f","name":"\u0160pela","image":{"@type":"ImageObject","inLanguage":"hr","@id":"https:\/\/www.i-vent.com\/hr\/#\/schema\/person\/image\/","url":"https:\/\/www.i-vent.com\/hr\/wp-content\/litespeed\/avatar\/a75cd71c97d80944a02928bfead600e5.jpg?ver=1777210753","contentUrl":"https:\/\/www.i-vent.com\/hr\/wp-content\/litespeed\/avatar\/a75cd71c97d80944a02928bfead600e5.jpg?ver=1777210753","caption":"\u0160pela"},"url":"https:\/\/www.i-vent.com\/hr\/author\/spela-golobnaveza-com\/"}]}},"_links":{"self":[{"href":"https:\/\/www.i-vent.com\/hr\/wp-json\/wp\/v2\/posts\/24645","targetHints":{"allow":["GET"]}}],"collection":[{"href":"https:\/\/www.i-vent.com\/hr\/wp-json\/wp\/v2\/posts"}],"about":[{"href":"https:\/\/www.i-vent.com\/hr\/wp-json\/wp\/v2\/types\/post"}],"author":[{"embeddable":true,"href":"https:\/\/www.i-vent.com\/hr\/wp-json\/wp\/v2\/users\/2"}],"replies":[{"embeddable":true,"href":"https:\/\/www.i-vent.com\/hr\/wp-json\/wp\/v2\/comments?post=24645"}],"version-history":[{"count":0,"href":"https:\/\/www.i-vent.com\/hr\/wp-json\/wp\/v2\/posts\/24645\/revisions"}],"wp:attachment":[{"href":"https:\/\/www.i-vent.com\/hr\/wp-json\/wp\/v2\/media?parent=24645"}],"wp:term":[{"taxonomy":"category","embeddable":true,"href":"https:\/\/www.i-vent.com\/hr\/wp-json\/wp\/v2\/categories?post=24645"},{"taxonomy":"post_tag","embeddable":true,"href":"https:\/\/www.i-vent.com\/hr\/wp-json\/wp\/v2\/tags?post=24645"}],"curies":[{"name":"wp","href":"https:\/\/api.w.org\/{rel}","templated":true}]}}